{"id":5930,"date":"2025-03-25T18:34:00","date_gmt":"2025-03-25T18:34:00","guid":{"rendered":"https:\/\/analyticnews.site\/balancing-act-cultivating-harmony-in-work-and-life\/"},"modified":"2025-04-15T22:01:35","modified_gmt":"2025-04-15T22:01:35","slug":"balancing-act-cultivating-harmony-in-work-and-life","status":"publish","type":"post","link":"https:\/\/analyticnews.site\/pt\/balancing-act-cultivating-harmony-in-work-and-life\/","title":{"rendered":"\u201cAto de Equil\u00edbrio: Cultivando a Harmonia no Trabalho e na Vida\u201d"},"content":{"rendered":"<p>No ambiente de trabalho acelerado de hoje, o conceito de equil\u00edbrio entre vida pessoal e profissional ganhou popularidade. \u00c0 medida que os limites entre vida pessoal e profissional se confundem, os funcion\u00e1rios buscam cada vez mais maneiras de encontrar harmonia em suas vidas. Essa tend\u00eancia ganhou particular relev\u00e2ncia ap\u00f3s a pandemia, quando muitas pessoas foram for\u00e7adas a reavaliar suas rotinas de trabalho e prioridades de vida. A mudan\u00e7a dr\u00e1stica na forma como trabalhamos alterou fundamentalmente a rela\u00e7\u00e3o entre trabalho e vida pessoal, enfatizando a necessidade de estabelecer limites.<\/p>\n<p>Equil\u00edbrio entre vida pessoal e profissional refere-se ao equil\u00edbrio entre compromissos profissionais e responsabilidades pessoais. \u00c9 crucial para o bem-estar individual, bem como para aumentar a produtividade e a satisfa\u00e7\u00e3o no trabalho. Alcan\u00e7ar esse equil\u00edbrio geralmente resulta em funcion\u00e1rios mais saud\u00e1veis, que podem contribuir de forma mais eficaz para suas organiza\u00e7\u00f5es. Empresas que reconhecem a import\u00e2ncia do equil\u00edbrio entre vida pessoal e profissional tendem a ser mais atraentes para potenciais contrata\u00e7\u00f5es e conseguem reter seus talentos com mais efici\u00eancia.<\/p>\n<p>Hoje em dia, muitos funcion\u00e1rios relatam sentimentos de sobrecarga, muitas vezes com dificuldades para conciliar prazos apertados e obriga\u00e7\u00f5es pessoais. O estresse cr\u00f4nico resultante dessas press\u00f5es pode levar ao esgotamento, \u00e0 queda da produtividade e at\u00e9 mesmo a problemas de sa\u00fade. \u00c9 essencial que funcion\u00e1rios e empregadores priorizem estrat\u00e9gias que promovam um equil\u00edbrio mais saud\u00e1vel entre vida pessoal e profissional e aprimorem a cultura geral do ambiente de trabalho. Nesse sentido, o bem-estar da for\u00e7a de trabalho n\u00e3o pode ser negligenciado.<\/p>\n<p>Acordos de trabalho flex\u00edveis s\u00e3o um dos m\u00e9todos mais eficazes para promover o equil\u00edbrio entre vida pessoal e profissional. Muitas empresas est\u00e3o adotando op\u00e7\u00f5es como trabalho remoto, hor\u00e1rios flex\u00edveis e at\u00e9 mesmo semanas de trabalho mais curtas. Esses acordos capacitam os funcion\u00e1rios a gerenciar seu tempo de forma mais eficaz, permitindo que atendam \u00e0s suas necessidades pessoais sem comprometer o desempenho no trabalho. Trabalhadores empoderados costumam ser mais produtivos, o que gera resultados positivos tanto para funcion\u00e1rios quanto para empregadores.<\/p>\n<p>Outro aspecto crucial para alcan\u00e7ar o equil\u00edbrio entre vida pessoal e profissional \u00e9 incentivar pausas regulares ao longo do dia de trabalho. Pesquisas indicam que fazer pausas curtas pode aumentar o foco e reduzir a sensa\u00e7\u00e3o de fadiga. Ao promover uma cultura que valoriza a sa\u00fade mental e o bem-estar, as empresas podem ajudar ativamente os funcion\u00e1rios a recarregar as energias e manter n\u00edveis mais altos de produtividade. Um ambiente de trabalho que prioriza o bem-estar frequentemente apresenta melhorias mensur\u00e1veis no desempenho.<\/p>\n<p>Promover um ambiente de trabalho orientado para resultados, em vez de uma cultura focada apenas nas horas trabalhadas no escrit\u00f3rio, pode ser transformador. Os funcion\u00e1rios se sentem empoderados e engajados quando avaliados com base na qualidade do seu trabalho, e n\u00e3o na quantidade de horas trabalhadas. Essa abordagem n\u00e3o s\u00f3 promove maior autonomia, como tamb\u00e9m incentiva uma melhor harmonia entre trabalho e vida pessoal. \u00c9 importante que as organiza\u00e7\u00f5es avaliem o sucesso pelos resultados, e n\u00e3o pelo tempo investido.<\/p>\n<p>Estabelecer limites claros em torno do hor\u00e1rio de trabalho tamb\u00e9m \u00e9 essencial para manter o equil\u00edbrio. Os funcion\u00e1rios devem se sentir confort\u00e1veis em se desconectar do trabalho fora do hor\u00e1rio normal para ajudar a delinear suas vidas profissionais e pessoais. As organiza\u00e7\u00f5es podem apoiar essa iniciativa incentivando os funcion\u00e1rios a desativar as notifica\u00e7\u00f5es fora do hor\u00e1rio de trabalho, permitindo-lhes recarregar as energias. Isso tamb\u00e9m pode prevenir o esgotamento e promover uma mentalidade mais saud\u00e1vel a longo prazo.<\/p>\n<p>Para explorar mais estrat\u00e9gias eficazes para alcan\u00e7ar o equil\u00edbrio entre vida pessoal e profissional, o v\u00eddeo a seguir oferece dicas pr\u00e1ticas sobre como organizar seu tempo, definir limites claros e melhorar a produtividade e o bem-estar geral.<\/p>\n<div class=\"ratio ratio-16x9\"><iframe loading=\"lazy\" title=\"10 Dicas para Melhor Equil\u00edbrio entre Vida Pessoal e Profissional | Organize-se para a Produtividade em 2024\" width=\"500\" height=\"281\" src=\"https:\/\/www.youtube.com\/embed\/HRw4CszFv48?feature=oembed\" frameborder=\"0\" allow=\"accelerometer; autoplay; clipboard-write; encrypted-media; gyroscope; picture-in-picture; web-share\" referrerpolicy=\"strict-origin-when-cross-origin\" allowfullscreen><\/iframe><\/div>\n<p>As pr\u00e1ticas de mindfulness t\u00eam sido cada vez mais reconhecidas por sua capacidade de promover o equil\u00edbrio entre vida pessoal e profissional. Mindfulness envolve estar presente no momento presente e pode ajudar as pessoas a gerenciar o estresse e as respostas emocionais de forma eficaz. As empresas podem contribuir positivamente implementando programas ou workshops de mindfulness, equipando os funcion\u00e1rios com as ferramentas necess\u00e1rias para cultivar uma mentalidade mais focada e tranquila. A promo\u00e7\u00e3o do bem-estar mental pode levar a transforma\u00e7\u00f5es profundas no ambiente de trabalho.<\/p>\n<p>Al\u00e9m disso, \u00e9 vital promover uma cultura de apoio no local de trabalho que reconhe\u00e7a as circunst\u00e2ncias individuais. Cada funcion\u00e1rio tem necessidades e responsabilidades \u00fanicas fora do trabalho, como cuidados com os filhos, obriga\u00e7\u00f5es familiares ou problemas de sa\u00fade. Ser flex\u00edvel e compreensivo nesses casos pode levar a um aumento do moral e da lealdade entre os funcion\u00e1rios. Uma equipe que se sente valorizada e compreendida costuma ser mais coesa e produtiva.<\/p>\n<p>Os empregadores tamb\u00e9m devem considerar a incorpora\u00e7\u00e3o de recursos de sa\u00fade mental em seus pacotes de benef\u00edcios. O acesso a aconselhamento, sess\u00f5es de terapia ou dias de sa\u00fade mental pode aumentar significativamente a capacidade do funcion\u00e1rio de gerenciar o estresse de forma eficaz. Ao priorizar a sa\u00fade mental, as organiza\u00e7\u00f5es transmitem uma mensagem clara de que se preocupam genuinamente com o bem-estar de seus funcion\u00e1rios. Isso promove um ambiente mais compassivo que pode melhorar a reten\u00e7\u00e3o e a produtividade.<\/p>\n<p>Al\u00e9m da sa\u00fade mental, a promo\u00e7\u00e3o do bem-estar f\u00edsico n\u00e3o deve ser negligenciada. Incentivar os funcion\u00e1rios a praticar atividades f\u00edsicas pode gerar in\u00fameras vantagens tanto para a sa\u00fade quanto para a produtividade. Empresas que investem em programas de bem-estar, oferecem mensalidades em academias ou organizam eventos esportivos coletivos promovem uma cultura que celebra a sa\u00fade e a vitalidade. Esse compromisso com a sa\u00fade f\u00edsica contribui para uma for\u00e7a de trabalho mais en\u00e9rgica e engajada.<\/p>\n<p>A comunica\u00e7\u00e3o serve como outra estrat\u00e9gia eficaz para promover o equil\u00edbrio entre vida pessoal e profissional. Contatos regulares entre gestores e funcion\u00e1rios ajudam a garantir que as cargas de trabalho sejam administr\u00e1veis e as expectativas claras. Um di\u00e1logo aberto sobre responsabilidades pode evitar mal-entendidos e aliviar a sensa\u00e7\u00e3o de sobrecarga. Quando os funcion\u00e1rios t\u00eam canais expl\u00edcitos para comunicar suas necessidades, a satisfa\u00e7\u00e3o tende a aumentar.<\/p>\n<p>O papel da tecnologia no ambiente de trabalho pode ser ben\u00e9fico e prejudicial para a manuten\u00e7\u00e3o do equil\u00edbrio entre vida pessoal e profissional. Ao mesmo tempo em que proporciona flexibilidade e conectividade, tamb\u00e9m pode promover a sensa\u00e7\u00e3o de estar sempre &quot;ligado&quot;. As organiza\u00e7\u00f5es devem estabelecer diretrizes claras sobre o uso aceit\u00e1vel da tecnologia fora do hor\u00e1rio comercial regular para ajudar a manter os limites profissionais e pessoais. Essa clareza pode ajudar os funcion\u00e1rios a encontrar um equil\u00edbrio mais saud\u00e1vel.<\/p>\n<p>Os indiv\u00edduos tamb\u00e9m devem se envolver ativamente no autocuidado fora do hor\u00e1rio de trabalho. Participar de hobbies, passar tempo com entes queridos ou se exercitar pode ajudar a recarregar as energias e aumentar os n\u00edveis de produtividade. Ao promover uma cultura que valoriza o tempo e as atividades pessoais, os empregadores podem incentivar os funcion\u00e1rios a se rejuvenescerem fora do trabalho. Esse apoio, em \u00faltima an\u00e1lise, resulta em indiv\u00edduos mais felizes e realizados.<\/p>\n<p>Outra estrat\u00e9gia essencial para promover o equil\u00edbrio entre vida pessoal e profissional \u00e9 fomentar uma cultura de valoriza\u00e7\u00e3o e reconhecimento. Funcion\u00e1rios que se sentem valorizados por suas contribui\u00e7\u00f5es t\u00eam maior probabilidade de experimentar satisfa\u00e7\u00e3o no trabalho e manter um equil\u00edbrio positivo entre vida pessoal e profissional. Programas regulares de reconhecimento podem elevar o moral e promover um senso de pertencimento dentro de uma equipe. Quando os trabalhadores se sentem reconhecidos, sua motiva\u00e7\u00e3o tende a aumentar.<\/p>\n<p>Investir em desenvolvimento profissional tamb\u00e9m desempenha um papel crucial para alcan\u00e7ar o equil\u00edbrio entre vida pessoal e profissional. Os funcion\u00e1rios costumam se sentir mais engajados e satisfeitos quando observam oportunidades de crescimento profissional. Oferecer acesso a programas de treinamento ou mentoria aumenta a sensa\u00e7\u00e3o de investimento e satisfa\u00e7\u00e3o pessoal. Funcion\u00e1rios que sentem que podem aprimorar suas habilidades enquanto equilibram seus compromissos pessoais geralmente apresentam maior produtividade e comprometimento.<\/p>\n<p>A lideran\u00e7a influencia significativamente a cultura do ambiente de trabalho em rela\u00e7\u00e3o ao equil\u00edbrio entre vida pessoal e profissional. Os gestores devem ser exemplos de comportamentos saud\u00e1veis, como fazer pausas, priorizar o bem-estar e manter limites. Quando os l\u00edderes demonstram compromisso com o equil\u00edbrio, d\u00e3o um exemplo louv\u00e1vel para toda a equipe. Essa abordagem de lideran\u00e7a pode transformar a din\u00e2mica do ambiente de trabalho, criando uma atmosfera mais humana e acolhedora.<\/p>\n<p>As organiza\u00e7\u00f5es devem avaliar continuamente suas pol\u00edticas e pr\u00e1ticas para garantir sua efic\u00e1cia na promo\u00e7\u00e3o do equil\u00edbrio entre vida pessoal e profissional. Pesquisas com funcion\u00e1rios e mecanismos de feedback podem fornecer insights valiosos sobre os n\u00edveis de satisfa\u00e7\u00e3o e \u00e1reas a serem aprimoradas. Ao serem receptivas ao feedback, as empresas promovem uma cultura de melhoria cont\u00ednua, demonstrando assim seu compromisso com o bem-estar dos funcion\u00e1rios. Essa mentalidade reflexiva pode aprimorar significativamente a cultura do ambiente de trabalho.<\/p>\n<p>\u00c9 essencial reconhecer que alcan\u00e7ar o equil\u00edbrio entre vida pessoal e profissional n\u00e3o \u00e9 uma tarefa \u00fanica. Diferentes fun\u00e7\u00f5es, setores e circunst\u00e2ncias individuais impactar\u00e3o o equil\u00edbrio para cada pessoa. Incentivar uma abordagem personalizada permite que os funcion\u00e1rios encontrem as solu\u00e7\u00f5es que melhor funcionam para eles, o que \u00e9 necess\u00e1rio para a satisfa\u00e7\u00e3o geral. Essas perspectivas diversas podem enriquecer as culturas organizacionais e criar equipes mais resilientes.<\/p>\n<p>Criar espa\u00e7os espec\u00edficos para relaxamento ou colabora\u00e7\u00e3o no local de trabalho tamb\u00e9m pode ser ben\u00e9fico. \u00c1reas que incentivem pausas, reuni\u00f5es informais e intera\u00e7\u00f5es sociais podem melhorar significativamente a experi\u00eancia do funcion\u00e1rio. Espa\u00e7os bem projetados que respeitam os limites pessoais e promovem o esp\u00edrito de comunidade podem levar a ambientes de trabalho mais harmoniosos. Um design de local de trabalho bem pensado reconhece a necessidade tanto de isolamento quanto de conex\u00e3o.<\/p>\n<p>A r\u00e1pida evolu\u00e7\u00e3o da tecnologia no ambiente de trabalho tamb\u00e9m afeta o equil\u00edbrio entre vida pessoal e profissional. Adotar ferramentas que auxiliem na gest\u00e3o do tempo e na produtividade pode ajudar os funcion\u00e1rios a trabalhar com mais efici\u00eancia. As empresas devem investir em softwares que facilitem a colabora\u00e7\u00e3o, o planejamento e a gest\u00e3o de projetos para otimizar processos. Ao melhorar a efici\u00eancia, as organiza\u00e7\u00f5es podem contribuir para o bem-estar de seus funcion\u00e1rios, permitindo que eles otimizem suas tarefas.<\/p>\n<p>\u00c0 medida que olhamos para o futuro, o trabalho remoto continuar\u00e1 a ser um fator significativo nas discuss\u00f5es sobre equil\u00edbrio entre vida pessoal e profissional. Os empregadores devem estabelecer pol\u00edticas que apoiem os funcion\u00e1rios remotos, garantindo que se sintam conectados \u00e0 cultura da empresa, apesar do distanciamento f\u00edsico. Isso inclui encontros virtuais, check-ins regulares e atividades de forma\u00e7\u00e3o de equipes para promover relacionamentos. Fortalecer a comunica\u00e7\u00e3o em um ambiente h\u00edbrido \u00e9 essencial para manter uma equipe coesa.<\/p>\n<p>Em \u00faltima an\u00e1lise, o equil\u00edbrio entre vida pessoal e profissional \u00e9 uma responsabilidade compartilhada que exige colabora\u00e7\u00e3o entre funcion\u00e1rios e empregadores. Ambas as partes precisam trabalhar juntas para promover um ambiente prop\u00edcio ao equil\u00edbrio. Ao promover a comunica\u00e7\u00e3o aberta, a compreens\u00e3o m\u00fatua e o respeito, as organiza\u00e7\u00f5es podem cultivar um ecossistema de trabalho pr\u00f3spero. Esse esfor\u00e7o colaborativo enriquece as experi\u00eancias dos funcion\u00e1rios e contribui para o sucesso organizacional.<\/p>\n<p>Concluindo, priorizar o equil\u00edbrio entre vida pessoal e profissional continua sendo crucial para cultivar um ambiente de trabalho saud\u00e1vel e produtivo. \u00c0 medida que os funcion\u00e1rios buscam cada vez mais autonomia e realiza\u00e7\u00e3o, as organiza\u00e7\u00f5es precisam reconhecer a necessidade de atender \u00e0s suas necessidades. Ao implementar acordos flex\u00edveis, promover o bem-estar e fomentar uma cultura de valoriza\u00e7\u00e3o, as empresas podem aumentar a satisfa\u00e7\u00e3o e a reten\u00e7\u00e3o dos funcion\u00e1rios. Trabalhar em conjunto para uma exist\u00eancia equilibrada resulta, em \u00faltima an\u00e1lise, em funcion\u00e1rios mais felizes e organiza\u00e7\u00f5es mais bem-sucedidas. A \u00eanfase nessa tend\u00eancia continuar\u00e1 a moldar os locais de trabalho nos pr\u00f3ximos anos, garantindo que o bem-estar permane\u00e7a em primeiro plano em nossas vidas profissionais.<\/p>","protected":false},"excerpt":{"rendered":"<p>In today\u2019s fast-paced work environment, the concept of work-life balance has surged in popularity. As personal and professional lines blur, employees are increasingly seeking ways to find harmony in their lives. This trend has gained particular relevance in the wake of the pandemic, as many individuals were forced to reassess their work routines and life [&hellip;]<\/p>","protected":false},"author":3,"featured_media":5929,"comment_status":"open","ping_status":"open","sticky":false,"template":"","format":"standard","meta":{"footnotes":""},"categories":[87],"tags":[],"yoast_head":"<!-- This site is optimized with the Yoast SEO plugin v23.3 - https:\/\/yoast.com\/wordpress\/plugins\/seo\/ -->\n<title>&quot;Balancing Act: Cultivating Harmony in Work and Life&quot; -<\/title>\n<meta name=\"robots\" content=\"index, follow, max-snippet:-1, max-image-preview:large, max-video-preview:-1\" \/>\n<link rel=\"canonical\" href=\"https:\/\/analyticnews.site\/pt\/balancing-act-cultivating-harmony-in-work-and-life\/\" \/>\n<meta property=\"og:locale\" content=\"pt_BR\" \/>\n<meta property=\"og:type\" content=\"article\" \/>\n<meta property=\"og:title\" content=\"&quot;Balancing Act: Cultivating Harmony in Work and Life&quot; -\" \/>\n<meta property=\"og:description\" content=\"In today\u2019s fast-paced work environment, the concept of work-life balance has surged in popularity. As personal and professional lines blur, employees are increasingly seeking ways to find harmony in their lives. This trend has gained particular relevance in the wake of the pandemic, as many individuals were forced to reassess their work routines and life [&hellip;]\" \/>\n<meta property=\"og:url\" content=\"https:\/\/analyticnews.site\/pt\/balancing-act-cultivating-harmony-in-work-and-life\/\" \/>\n<meta property=\"article:published_time\" content=\"2025-03-25T18:34:00+00:00\" \/>\n<meta property=\"article:modified_time\" content=\"2025-04-15T22:01:35+00:00\" \/>\n<meta property=\"og:image\" content=\"http:\/\/analyticnews.site\/wp-content\/uploads\/sites\/95\/2025\/03\/A-diverse-team-discusses-strategies-in-a-modern-office-setting-using-technology-to-enhance-creativity.jpg\" \/>\n\t<meta property=\"og:image:width\" content=\"234\" \/>\n\t<meta property=\"og:image:height\" content=\"350\" \/>\n\t<meta property=\"og:image:type\" content=\"image\/jpeg\" \/>\n<meta name=\"author\" content=\"Bruno Gianni\" \/>\n<meta name=\"twitter:card\" content=\"summary_large_image\" \/>\n<meta name=\"twitter:label1\" content=\"Written by\" \/>\n\t<meta name=\"twitter:data1\" content=\"Bruno Gianni\" \/>\n\t<meta name=\"twitter:label2\" content=\"Est. reading time\" \/>\n\t<meta name=\"twitter:data2\" content=\"8 minutos\" \/>\n<script type=\"application\/ld+json\" class=\"yoast-schema-graph\">{\"@context\":\"https:\/\/schema.org\",\"@graph\":[{\"@type\":\"WebPage\",\"@id\":\"http:\/\/analyticnews.site\/balancing-act-cultivating-harmony-in-work-and-life\/\",\"url\":\"http:\/\/analyticnews.site\/balancing-act-cultivating-harmony-in-work-and-life\/\",\"name\":\"\\\"Balancing Act: Cultivating Harmony in Work and Life\\\" -\",\"isPartOf\":{\"@id\":\"https:\/\/analyticnews.site\/#website\"},\"primaryImageOfPage\":{\"@id\":\"http:\/\/analyticnews.site\/balancing-act-cultivating-harmony-in-work-and-life\/#primaryimage\"},\"image\":{\"@id\":\"http:\/\/analyticnews.site\/balancing-act-cultivating-harmony-in-work-and-life\/#primaryimage\"},\"thumbnailUrl\":\"https:\/\/analyticnews.site\/wp-content\/uploads\/sites\/95\/2025\/03\/A-diverse-team-discusses-strategies-in-a-modern-office-setting-using-technology-to-enhance-creativity.jpg\",\"datePublished\":\"2025-03-25T18:34:00+00:00\",\"dateModified\":\"2025-04-15T22:01:35+00:00\",\"author\":{\"@id\":\"https:\/\/analyticnews.site\/#\/schema\/person\/d52888235fd6563bd07d97185d6a61e4\"},\"breadcrumb\":{\"@id\":\"http:\/\/analyticnews.site\/balancing-act-cultivating-harmony-in-work-and-life\/#breadcrumb\"},\"inLanguage\":\"pt-BR\",\"potentialAction\":[{\"@type\":\"ReadAction\",\"target\":[\"http:\/\/analyticnews.site\/balancing-act-cultivating-harmony-in-work-and-life\/\"]}]},{\"@type\":\"ImageObject\",\"inLanguage\":\"pt-BR\",\"@id\":\"http:\/\/analyticnews.site\/balancing-act-cultivating-harmony-in-work-and-life\/#primaryimage\",\"url\":\"https:\/\/analyticnews.site\/wp-content\/uploads\/sites\/95\/2025\/03\/A-diverse-team-discusses-strategies-in-a-modern-office-setting-using-technology-to-enhance-creativity.jpg\",\"contentUrl\":\"https:\/\/analyticnews.site\/wp-content\/uploads\/sites\/95\/2025\/03\/A-diverse-team-discusses-strategies-in-a-modern-office-setting-using-technology-to-enhance-creativity.jpg\",\"width\":234,\"height\":350,\"caption\":\"A diverse team discusses strategies in a modern office setting, using technology to enhance creativity.\"},{\"@type\":\"BreadcrumbList\",\"@id\":\"http:\/\/analyticnews.site\/balancing-act-cultivating-harmony-in-work-and-life\/#breadcrumb\",\"itemListElement\":[{\"@type\":\"ListItem\",\"position\":1,\"name\":\"Home\",\"item\":\"https:\/\/analyticnews.site\/\"},{\"@type\":\"ListItem\",\"position\":2,\"name\":\"&#8220;Balancing Act: Cultivating Harmony in Work and Life&#8221;\"}]},{\"@type\":\"WebSite\",\"@id\":\"https:\/\/analyticnews.site\/#website\",\"url\":\"https:\/\/analyticnews.site\/\",\"name\":\"\",\"description\":\"\",\"potentialAction\":[{\"@type\":\"SearchAction\",\"target\":{\"@type\":\"EntryPoint\",\"urlTemplate\":\"https:\/\/analyticnews.site\/?s={search_term_string}\"},\"query-input\":\"required name=search_term_string\"}],\"inLanguage\":\"pt-BR\"},{\"@type\":\"Person\",\"@id\":\"https:\/\/analyticnews.site\/#\/schema\/person\/d52888235fd6563bd07d97185d6a61e4\",\"name\":\"Bruno Gianni\",\"image\":{\"@type\":\"ImageObject\",\"inLanguage\":\"pt-BR\",\"@id\":\"https:\/\/analyticnews.site\/#\/schema\/person\/image\/\",\"url\":\"https:\/\/secure.gravatar.com\/avatar\/0f5d42d7bf77874643c1478932860e3f?s=96&d=mm&r=g\",\"contentUrl\":\"https:\/\/secure.gravatar.com\/avatar\/0f5d42d7bf77874643c1478932860e3f?s=96&d=mm&r=g\",\"caption\":\"Bruno Gianni\"},\"description\":\"Bruno writes the way he lives, with curiosity, care, and respect for people. He likes to observe, listen, and try to understand what is happening on the other side before putting any words on the page.For him, writing is not about impressing, but about getting closer. It is about turning thoughts into something simple, clear, and real. Every text is an ongoing conversation, created with care and honesty, with the sincere intention of touching someone, somewhere along the way.\",\"url\":\"https:\/\/analyticnews.site\/pt\/author\/bcgianni\/\"}]}<\/script>\n<!-- \/ Yoast SEO plugin. -->","yoast_head_json":{"title":"\"Balancing Act: Cultivating Harmony in Work and Life\" -","robots":{"index":"index","follow":"follow","max-snippet":"max-snippet:-1","max-image-preview":"max-image-preview:large","max-video-preview":"max-video-preview:-1"},"canonical":"https:\/\/analyticnews.site\/pt\/balancing-act-cultivating-harmony-in-work-and-life\/","og_locale":"pt_BR","og_type":"article","og_title":"\"Balancing Act: Cultivating Harmony in Work and Life\" -","og_description":"In today\u2019s fast-paced work environment, the concept of work-life balance has surged in popularity. As personal and professional lines blur, employees are increasingly seeking ways to find harmony in their lives. This trend has gained particular relevance in the wake of the pandemic, as many individuals were forced to reassess their work routines and life [&hellip;]","og_url":"https:\/\/analyticnews.site\/pt\/balancing-act-cultivating-harmony-in-work-and-life\/","article_published_time":"2025-03-25T18:34:00+00:00","article_modified_time":"2025-04-15T22:01:35+00:00","og_image":[{"width":234,"height":350,"url":"http:\/\/analyticnews.site\/wp-content\/uploads\/sites\/95\/2025\/03\/A-diverse-team-discusses-strategies-in-a-modern-office-setting-using-technology-to-enhance-creativity.jpg","type":"image\/jpeg"}],"author":"Bruno Gianni","twitter_card":"summary_large_image","twitter_misc":{"Written by":"Bruno Gianni","Est. reading time":"8 minutos"},"schema":{"@context":"https:\/\/schema.org","@graph":[{"@type":"WebPage","@id":"http:\/\/analyticnews.site\/balancing-act-cultivating-harmony-in-work-and-life\/","url":"http:\/\/analyticnews.site\/balancing-act-cultivating-harmony-in-work-and-life\/","name":"\"Balancing Act: Cultivating Harmony in Work and Life\" -","isPartOf":{"@id":"https:\/\/analyticnews.site\/#website"},"primaryImageOfPage":{"@id":"http:\/\/analyticnews.site\/balancing-act-cultivating-harmony-in-work-and-life\/#primaryimage"},"image":{"@id":"http:\/\/analyticnews.site\/balancing-act-cultivating-harmony-in-work-and-life\/#primaryimage"},"thumbnailUrl":"https:\/\/analyticnews.site\/wp-content\/uploads\/sites\/95\/2025\/03\/A-diverse-team-discusses-strategies-in-a-modern-office-setting-using-technology-to-enhance-creativity.jpg","datePublished":"2025-03-25T18:34:00+00:00","dateModified":"2025-04-15T22:01:35+00:00","author":{"@id":"https:\/\/analyticnews.site\/#\/schema\/person\/d52888235fd6563bd07d97185d6a61e4"},"breadcrumb":{"@id":"http:\/\/analyticnews.site\/balancing-act-cultivating-harmony-in-work-and-life\/#breadcrumb"},"inLanguage":"pt-BR","potentialAction":[{"@type":"ReadAction","target":["http:\/\/analyticnews.site\/balancing-act-cultivating-harmony-in-work-and-life\/"]}]},{"@type":"ImageObject","inLanguage":"pt-BR","@id":"http:\/\/analyticnews.site\/balancing-act-cultivating-harmony-in-work-and-life\/#primaryimage","url":"https:\/\/analyticnews.site\/wp-content\/uploads\/sites\/95\/2025\/03\/A-diverse-team-discusses-strategies-in-a-modern-office-setting-using-technology-to-enhance-creativity.jpg","contentUrl":"https:\/\/analyticnews.site\/wp-content\/uploads\/sites\/95\/2025\/03\/A-diverse-team-discusses-strategies-in-a-modern-office-setting-using-technology-to-enhance-creativity.jpg","width":234,"height":350,"caption":"A diverse team discusses strategies in a modern office setting, using technology to enhance creativity."},{"@type":"BreadcrumbList","@id":"http:\/\/analyticnews.site\/balancing-act-cultivating-harmony-in-work-and-life\/#breadcrumb","itemListElement":[{"@type":"ListItem","position":1,"name":"Home","item":"https:\/\/analyticnews.site\/"},{"@type":"ListItem","position":2,"name":"&#8220;Balancing Act: Cultivating Harmony in Work and Life&#8221;"}]},{"@type":"WebSite","@id":"https:\/\/analyticnews.site\/#website","url":"https:\/\/analyticnews.site\/","name":"","description":"","potentialAction":[{"@type":"SearchAction","target":{"@type":"EntryPoint","urlTemplate":"https:\/\/analyticnews.site\/?s={search_term_string}"},"query-input":"required name=search_term_string"}],"inLanguage":"pt-BR"},{"@type":"Person","@id":"https:\/\/analyticnews.site\/#\/schema\/person\/d52888235fd6563bd07d97185d6a61e4","name":"Bruno Gianni","image":{"@type":"ImageObject","inLanguage":"pt-BR","@id":"https:\/\/analyticnews.site\/#\/schema\/person\/image\/","url":"https:\/\/secure.gravatar.com\/avatar\/0f5d42d7bf77874643c1478932860e3f?s=96&d=mm&r=g","contentUrl":"https:\/\/secure.gravatar.com\/avatar\/0f5d42d7bf77874643c1478932860e3f?s=96&d=mm&r=g","caption":"Bruno Gianni"},"description":"Bruno writes the way he lives, with curiosity, care, and respect for people. He likes to observe, listen, and try to understand what is happening on the other side before putting any words on the page.For him, writing is not about impressing, but about getting closer. It is about turning thoughts into something simple, clear, and real. Every text is an ongoing conversation, created with care and honesty, with the sincere intention of touching someone, somewhere along the way.","url":"https:\/\/analyticnews.site\/pt\/author\/bcgianni\/"}]}},"_links":{"self":[{"href":"https:\/\/analyticnews.site\/pt\/wp-json\/wp\/v2\/posts\/5930"}],"collection":[{"href":"https:\/\/analyticnews.site\/pt\/wp-json\/wp\/v2\/posts"}],"about":[{"href":"https:\/\/analyticnews.site\/pt\/wp-json\/wp\/v2\/types\/post"}],"author":[{"embeddable":true,"href":"https:\/\/analyticnews.site\/pt\/wp-json\/wp\/v2\/users\/3"}],"replies":[{"embeddable":true,"href":"https:\/\/analyticnews.site\/pt\/wp-json\/wp\/v2\/comments?post=5930"}],"version-history":[{"count":1,"href":"https:\/\/analyticnews.site\/pt\/wp-json\/wp\/v2\/posts\/5930\/revisions"}],"predecessor-version":[{"id":6128,"href":"https:\/\/analyticnews.site\/pt\/wp-json\/wp\/v2\/posts\/5930\/revisions\/6128"}],"wp:featuredmedia":[{"embeddable":true,"href":"https:\/\/analyticnews.site\/pt\/wp-json\/wp\/v2\/media\/5929"}],"wp:attachment":[{"href":"https:\/\/analyticnews.site\/pt\/wp-json\/wp\/v2\/media?parent=5930"}],"wp:term":[{"taxonomy":"category","embeddable":true,"href":"https:\/\/analyticnews.site\/pt\/wp-json\/wp\/v2\/categories?post=5930"},{"taxonomy":"post_tag","embeddable":true,"href":"https:\/\/analyticnews.site\/pt\/wp-json\/wp\/v2\/tags?post=5930"}],"curies":[{"name":"wp","href":"https:\/\/api.w.org\/{rel}","templated":true}]}}